{"id":8419,"date":"2023-03-22T10:37:19","date_gmt":"2023-03-22T02:37:19","guid":{"rendered":"https:\/\/incit.org\/?p=8419"},"modified":"2025-04-17T17:08:41","modified_gmt":"2025-04-17T09:08:41","slug":"incit-appoints-sits-associate-professor-yee-fook-cheong-as-first-academia-fellow-in-its-global-network","status":"publish","type":"post","link":"https:\/\/incit.org\/tr\/newsroom\/incit-appoints-sits-associate-professor-yee-fook-cheong-as-first-academia-fellow-in-its-global-network\/","title":{"rendered":"INCIT, SIT&#039;nin Do\u00e7enti Yee Fook Cheong&#039;u k\u00fcresel a\u011f\u0131ndaki ilk Akademi \u00dcyesi olarak atad\u0131"},"content":{"rendered":"<p><img decoding=\"async\" class=\"aligncenter\" src=\"https:\/\/assets.incit.org\/wp-content\/uploads\/2023\/02\/10111220\/pexels-tara-winstead-8386440.jpg\" \/><\/p>\n<p><strong>\u00c7ar\u015famba, 22 Mart 2023, Singapur.<\/strong> Uluslararas\u0131 End\u00fcstriyel D\u00f6n\u00fc\u015f\u00fcm Merkezi (INCIT) yak\u0131n zamanda Singapur Teknoloji Enstit\u00fcs\u00fc&#039;nden (SIT) Do\u00e7ent Yee Fook Cheong&#039;u INCIT&#039;nin Akademi \u00dcyesi olarak atad\u0131. Do\u00e7ent Yee, bu kapasitede INCIT&#039;nin ortaklar\u0131 ve i\u015fbirlik\u00e7ileri a\u011f\u0131na kat\u0131lan ilk ki\u015fidir.<\/p>\n<p>Son derece nitelikli ve deneyimli bir \u00fcretim uzman\u0131 olan Assoc Prof Yee, SIT&#039;nin M\u00fchendislik K\u00fcmesinin bir par\u00e7as\u0131d\u0131r. Sertifikal\u0131 <a href=\"https:\/\/incit.org\/tr\/services\/siri\/\" target=\"_blank\" rel=\"noopener\">Ak\u0131ll\u0131 End\u00fcstri Haz\u0131rl\u0131k Endeksi (SIRI)<\/a> Di\u011ferlerinin yan\u0131 s\u0131ra havac\u0131l\u0131k \u00fcretimi ve savunma sanayinde \u00e7al\u0131\u015farak 30 y\u0131l\u0131 a\u015fk\u0131n s\u00fcredir bu alanda \u00e7al\u0131\u015fan de\u011ferlendirici. 2013 y\u0131l\u0131nda, becerilerini ve bilgisini aktarmak ve gelecek nesil hevesli m\u00fchendisleri yeti\u015ftirmeye yard\u0131mc\u0131 olmak i\u00e7in SIT&#039;ye kat\u0131ld\u0131.<\/p>\n<p>Akademinin, i\u015fletmelerin daha s\u00fcrd\u00fcr\u00fclebilir bir gelece\u011fe katk\u0131da bulunurken de\u011fer yaratmalar\u0131na yard\u0131mc\u0131 olabilecek yeni d\u00f6n\u00fc\u015f\u00fcm \u00e7er\u00e7evelerinin ve ilgili teknolojilerin geli\u015ftirilmesi ve benimsenmesinde kritik bir rol\u00fc bulunmaktad\u0131r.<\/p>\n<p>Bir Akademi \u00dcyesi olarak, Assoc Prof Yee, INCIT&#039;in hedeflerine ula\u015fmada ilerlemeye, daha fazla inovasyona \u00f6nc\u00fcl\u00fck etmeye ve k\u00fcresel \u00e7apta \u00fcreticiler i\u00e7in tercih edilen ESG ekosistemini b\u00fcy\u00fctmeye ve geli\u015ftirmeye yard\u0131mc\u0131 olmak i\u00e7in INCIT ile birlikte \u00e7al\u0131\u015facakt\u0131r. Assoc Prof Yee ve INCIT birlikte, s\u00fcrd\u00fcr\u00fclebilirlik, gelece\u011fe haz\u0131r beceriler, dairesel ekonomi, dijital politikalar ve daha fazlas\u0131 ba\u011flam\u0131nda dijital d\u00f6n\u00fc\u015f\u00fcm\u00fc b\u00fct\u00fcnsel olarak y\u00f6nlendirmek i\u00e7in End\u00fcstri X.0 yeteneklerini te\u015fvik edecektir. Profes\u00f6r ayr\u0131ca dijitalle\u015ftirme geli\u015ftirme ad\u0131mlar\u0131n\u0131 ve gelecekteki \u00e7er\u00e7eveleri \u00f6nceden tan\u0131mlamak i\u00e7in kullan\u0131m \u00f6rnekleri geli\u015ftirmeye ve olu\u015fturmaya yard\u0131mc\u0131 olacakt\u0131r.<\/p>\n<p>\u201cDo\u00e7ent Dr. Yee Fook Cheong&#039;un INCIT Akademi \u00dcyesi olarak atanmas\u0131n\u0131 duyurmaktan gurur duyuyoruz. Bu, \u00fcretim \u015firketlerinin \u00fcretkenli\u011fi, dayan\u0131kl\u0131l\u0131\u011f\u0131 ve s\u00fcrd\u00fcr\u00fclebilirli\u011fi \u00f6nceliklendirmesini desteklemek i\u00e7in yeni d\u00f6n\u00fc\u015f\u00fcm \u00e7er\u00e7evelerinin geli\u015ftirilmesini sa\u011flayacak,\u201d dedi INCIT&#039;nin Kurucusu ve CEO&#039;su Raimund Klein.<\/p>\n<p>&quot;Daha geni\u015f \u00fcretim toplulu\u011funa katk\u0131da bulunma f\u0131rsat\u0131n\u0131n bana sunulmas\u0131ndan onur duyuyorum,&quot; dedi Assoc Prof. Yee. &quot;INCIT ile yak\u0131n bir \u015fekilde \u00e7al\u0131\u015fmay\u0131 d\u00f6rt g\u00f6zle bekliyorum, b\u00f6ylece \u00fcretim d\u00f6n\u00fc\u015f\u00fcm\u00fcn\u00fc ve d\u00fcnya \u00e7ap\u0131nda daha fazla \u00fcretkenlik, dayan\u0131kl\u0131l\u0131k ve s\u00fcrd\u00fcr\u00fclebilirli\u011fe do\u011fru ge\u00e7i\u015fi daha iyi sa\u011flayabiliriz.&quot;<\/p>\n<p>INCIT \u00dcyelik program\u0131n\u0131n kapsam\u0131 a\u015fa\u011f\u0131dakileri i\u00e7erir ancak bunlarla s\u0131n\u0131rl\u0131 de\u011fildir:<\/p>\n<ul>\n<li>Ulusal ve uluslararas\u0131 i\u015f g\u00fcndemlerini destekleyecek ekosistem yaratmak,<\/li>\n<li>Yeni ESG d\u00fc\u015f\u00fcnce liderli\u011fi yakla\u015f\u0131mlar\u0131n\u0131 yenilemek ve yaratmak i\u00e7in i\u015f birli\u011fi yap\u0131n,<\/li>\n<li>INCIT&#039;in yakla\u015fan \u00f6nceliklendirme endekslerinin ortak olu\u015fturulmas\u0131 i\u00e7in platform mentorlu\u011funa kat\u0131l\u0131n,<\/li>\n<li>Farkl\u0131 end\u00fcstri segmentleri i\u00e7in gelecekteki Teknoloji ve \u0130novasyon S\u00fcr\u00fcc\u00fclerini tan\u0131mlay\u0131n,<\/li>\n<li>INCIT&#039;in veri taban\u0131ndan yararlanarak ESG, d\u00f6ng\u00fcsel ekonomi ve\/veya s\u00fcrd\u00fcr\u00fclebilirlik ba\u011flam\u0131nda beyaz b\u00fclten(ler) \u00fcretmek,<\/li>\n<li>Drive XIRI \u2013 INDUSTYX.0 taksonomisi \u2013 \u015firketlere ve h\u00fck\u00fcmetlere gelece\u011fin fabrikas\u0131n\u0131 in\u015fa etme ve e\u011fitme konusunda dan\u0131\u015fmanl\u0131k yakla\u015f\u0131m\u0131 (sekt\u00f6r segmentine \u00f6zg\u00fc),<\/li>\n<li>K\u00fcresel pazar zorluklar\u0131 \u00fczerine kavramsal \u00e7al\u0131\u015fmalara kat\u0131l\u0131n,<\/li>\n<li>ESG veri portal\u0131 tasar\u0131m\u0131 ve g\u00f6rselle\u015ftirilmesini de i\u00e7eren bir hizmet olarak ESG veri dan\u0131\u015fmanl\u0131\u011f\u0131n\u0131 geli\u015ftirmek ve ilerletmek.<\/li>\n<\/ul>\n<p>- SON<\/p>\n<hr \/>\n<p><strong>Medya sorular\u0131<\/strong><br \/>\nJessica Melky-Macnamara<br \/>\nManning ve Ortak Grubu<br \/>\n<a href=\"mailto:Jessica@manningandcogroup.com\">Jessica@manningandcogroup.com<\/a><br \/>\n+61 411 586 244<\/p>\n<p><strong>INCIT Hakk\u0131nda<\/strong><\/p>\n<p>K\u00fcresel \u00fcretim d\u00f6n\u00fc\u015f\u00fcm\u00fcne \u00f6nc\u00fcl\u00fck etme hedefiyle kurulan Uluslararas\u0131 End\u00fcstriyel D\u00f6n\u00fc\u015f\u00fcm Merkezi (INCIT), \u00fcreticilerin End\u00fcstri 4.0 yolculuklar\u0131n\u0131 savunur ve ak\u0131ll\u0131 \u00fcretimin k\u00fcresel y\u00fckseli\u015fini savunur. INCIT, dijital d\u00f6n\u00fc\u015f\u00fcm\u00fc ate\u015flemeye yard\u0131mc\u0131 olmak amac\u0131yla t\u00fcm \u00fcretim payda\u015flar\u0131 i\u00e7in k\u00fcresel olarak referans al\u0131nan \u00e7er\u00e7eveler, ara\u00e7lar, kavramlar ve programlar geli\u015ftiren ve uygulayan ba\u011f\u0131ms\u0131z, h\u00fck\u00fcmet d\u0131\u015f\u0131 bir kurulu\u015ftur.<\/p>","protected":false},"excerpt":{"rendered":"<p>\u00c7ar\u015famba, 22 Mart 2023, Singapur. Uluslararas\u0131 End\u00fcstriyel D\u00f6n\u00fc\u015f\u00fcm Merkezi (INCIT) yak\u0131n zamanda Singapur Teknoloji Enstit\u00fcs\u00fc&#039;nden (SIT) Do\u00e7ent Yee Fook Cheong&#039;u INCIT&#039;nin Akademi \u00dcyesi olarak atad\u0131. Do\u00e7ent Yee, bu kapasitede INCIT&#039;nin ortaklar ve i\u015fbirlik\u00e7ileri a\u011f\u0131na kat\u0131lan ilk ki\u015fidir. Son derece nitelikli ve deneyimli bir [\u2026]<\/p>","protected":false},"author":3,"featured_media":8009,"comment_status":"closed","ping_status":"open","sticky":false,"template":"","format":"standard","meta":{"_acf_changed":false,"footnotes":""},"categories":[18],"tags":[65,66,44],"class_list":["post-8419","post","type-post","status-publish","format-standard","has-post-thumbnail","hentry","category-newsroom","tag-associate-professor","tag-manufacturing-industry","tag-spotlight"],"acf":{"featured_post":false},"_links":{"self":[{"href":"https:\/\/incit.org\/tr\/wp-json\/wp\/v2\/posts\/8419","targetHints":{"allow":["GET"]}}],"collection":[{"href":"https:\/\/incit.org\/tr\/wp-json\/wp\/v2\/posts"}],"about":[{"href":"https:\/\/incit.org\/tr\/wp-json\/wp\/v2\/types\/post"}],"author":[{"embeddable":true,"href":"https:\/\/incit.org\/tr\/wp-json\/wp\/v2\/users\/3"}],"replies":[{"embeddable":true,"href":"https:\/\/incit.org\/tr\/wp-json\/wp\/v2\/comments?post=8419"}],"version-history":[{"count":2,"href":"https:\/\/incit.org\/tr\/wp-json\/wp\/v2\/posts\/8419\/revisions"}],"predecessor-version":[{"id":35513,"href":"https:\/\/incit.org\/tr\/wp-json\/wp\/v2\/posts\/8419\/revisions\/35513"}],"wp:featuredmedia":[{"embeddable":true,"href":"https:\/\/incit.org\/tr\/wp-json\/wp\/v2\/media\/8009"}],"wp:attachment":[{"href":"https:\/\/incit.org\/tr\/wp-json\/wp\/v2\/media?parent=8419"}],"wp:term":[{"taxonomy":"category","embeddable":true,"href":"https:\/\/incit.org\/tr\/wp-json\/wp\/v2\/categories?post=8419"},{"taxonomy":"post_tag","embeddable":true,"href":"https:\/\/incit.org\/tr\/wp-json\/wp\/v2\/tags?post=8419"}],"curies":[{"name":"wp","href":"https:\/\/api.w.org\/{rel}","templated":true}]}}