{"id":7494,"date":"2023-01-26T17:10:19","date_gmt":"2023-01-26T09:10:19","guid":{"rendered":"https:\/\/incit.org\/?p=7494"},"modified":"2025-04-17T17:13:02","modified_gmt":"2025-04-17T09:13:02","slug":"world-leaders-gathered-at-world-economic-forum-annual-meeting-2023","status":"publish","type":"post","link":"https:\/\/incit.org\/vi\/newsroom\/world-leaders-gathered-at-world-economic-forum-annual-meeting-2023\/","title":{"rendered":"C\u00e1c nh\u00e0 l\u00e3nh \u0111\u1ea1o th\u1ebf gi\u1edbi t\u1ee5 h\u1ecdp t\u1ea1i H\u1ed9i ngh\u1ecb th\u01b0\u1eddng ni\u00ean Di\u1ec5n \u0111\u00e0n Kinh t\u1ebf Th\u1ebf gi\u1edbi n\u0103m 2023"},"content":{"rendered":"<p><img decoding=\"async\" class=\"aligncenter\" src=\"https:\/\/assets.incit.org\/wp-content\/uploads\/2023\/01\/10111219\/samson-ZGjbiukp_-A-unsplash-11.jpg\" \/><\/p>\r\n<p>T\u1eeb ng\u00e0y 16 th\u00e1ng 1 \u0111\u1ebfn ng\u00e0y 20 th\u00e1ng 1 n\u0103m 2023, c\u00e1c nh\u00e0 l\u00e3nh \u0111\u1ea1o th\u1ebf gi\u1edbi \u0111\u00e3 t\u1ee5 h\u1ecdp t\u1ea1i <a href=\"https:\/\/www.weforum.org\/events\/world-economic-forum-annual-meeting-2023\" target=\"_blank\" rel=\"noreferrer noopener\">H\u1ed9i ngh\u1ecb th\u01b0\u1eddng ni\u00ean Di\u1ec5n \u0111\u00e0n Kinh t\u1ebf Th\u1ebf gi\u1edbi (WEF) n\u0103m 2023<\/a> t\u1ea1i Davos, Th\u1ee5y S\u0129 \u0111\u1ec3 th\u1ea3o lu\u1eadn c\u00e1c ch\u1ee7 \u0111\u1ec1 xoay quanh ch\u1ee7 \u0111\u1ec1 \u201cH\u1ee3p t\u00e1c trong m\u1ed9t th\u1ebf gi\u1edbi ph\u00e2n m\u1ea3nh\u201d.\u00a0<\/p>\r\n\r\n\r\n\r\n<p>S\u1ef1 ki\u1ec7n \u0111\u00e1nh d\u1ea5u 53<sup>th\u1ee9<\/sup> s\u1ef1 l\u1eb7p l\u1ea1i c\u1ee7a cu\u1ed9c h\u1ecdp th\u01b0\u1eddng ni\u00ean c\u1ee7a WEF, t\u00e1i kh\u1eb3ng \u0111\u1ecbnh gi\u00e1 tr\u1ecb v\u00e0 t\u00ednh c\u1ea5p thi\u1ebft c\u1ee7a \u0111\u1ed1i tho\u1ea1i v\u00e0 h\u1ee3p t\u00e1c c\u00f4ng t\u01b0. C\u00e1c nh\u00e0 l\u00e3nh \u0111\u1ea1o c\u0169ng th\u1ea3o lu\u1eadn v\u1ec1 c\u00e1ch gi\u1ea3i quy\u1ebft c\u00e1c v\u1ea5n \u0111\u1ec1 v\u00e0 cu\u1ed9c kh\u1ee7ng ho\u1ea3ng kinh t\u1ebf x\u00e3 h\u1ed9i v\u00e0 \u0111\u1ecba ch\u00ednh tr\u1ecb m\u00e0 th\u1ebf gi\u1edbi v\u1eabn \u0111ang ph\u1ea3i \u0111\u1ed1i m\u1eb7t khi tho\u00e1t kh\u1ecfi h\u1eadu qu\u1ea3 c\u1ee7a \u0111\u1ea1i d\u1ecbch COVID-19.\u00a0<\/p>\r\n\r\n\r\n\r\n<p>T\u00ecm hi\u1ec3u c\u00e1ch c\u00e1c nh\u00e0 l\u00e3nh \u0111\u1ea1o trong ch\u00ednh ph\u1ee7, doanh nghi\u1ec7p v\u00e0 c\u1ed9ng \u0111\u1ed3ng \u0111ang t\u00ecm c\u00e1ch th\u00fac \u0111\u1ea9y s\u1ef1 thay \u0111\u1ed5i v\u00e0 gi\u1ea3i quy\u1ebft c\u00e1c v\u1ea5n \u0111\u1ec1 c\u1ee7a ng\u00e0y h\u00f4m nay v\u00e0 ng\u00e0y mai, trong b\u1ed1i c\u1ea3nh kh\u00ed h\u1eadu, t\u00e0i ch\u00ednh v\u00e0 x\u00e3 h\u1ed9i b\u1ea5t \u1ed5n ch\u01b0a t\u1eebng c\u00f3 <a href=\"https:\/\/www.weforum.org\/events\/world-economic-forum-annual-meeting-2023\/about\/digital-members-programme\" target=\"_blank\" rel=\"noreferrer noopener\">\u0111\u00e2y<\/a>.\u00a0<\/p>","protected":false},"excerpt":{"rendered":"<p>T\u1eeb ng\u00e0y 16 th\u00e1ng 1 \u0111\u1ebfn ng\u00e0y 20 th\u00e1ng 1 n\u0103m 2023, c\u00e1c nh\u00e0 l\u00e3nh \u0111\u1ea1o th\u1ebf gi\u1edbi \u0111\u00e3 t\u1ee5 h\u1ecdp t\u1ea1i H\u1ed9i ngh\u1ecb th\u01b0\u1eddng ni\u00ean Di\u1ec5n \u0111\u00e0n Kinh t\u1ebf Th\u1ebf gi\u1edbi (WEF) n\u0103m 2023 t\u1ea1i Davos, Th\u1ee5y S\u0129 \u0111\u1ec3 th\u1ea3o lu\u1eadn v\u1ec1 c\u00e1c ch\u1ee7 \u0111\u1ec1 xoay quanh ch\u1ee7 \u0111\u1ec1 \u201cH\u1ee3p t\u00e1c trong m\u1ed9t th\u1ebf gi\u1edbi ph\u00e2n m\u1ea3nh\u201d. S\u1ef1 ki\u1ec7n n\u00e0y \u0111\u00e1nh d\u1ea5u l\u1ea7n h\u1ecdp th\u01b0\u1eddng ni\u00ean th\u1ee9 53 c\u1ee7a WEF, t\u00e1i kh\u1eb3ng \u0111\u1ecbnh gi\u00e1 tr\u1ecb v\u00e0 t\u00ednh c\u1ea5p thi\u1ebft c\u1ee7a \u0111\u1ed1i tho\u1ea1i v\u00e0 h\u1ee3p t\u00e1c c\u00f4ng t\u01b0. C\u00e1c nh\u00e0 l\u00e3nh \u0111\u1ea1o [\u2026]<\/p>","protected":false},"author":3,"featured_media":7495,"comment_status":"open","ping_status":"open","sticky":false,"template":"","format":"standard","meta":{"_acf_changed":false,"footnotes":""},"categories":[18],"tags":[44,58],"class_list":["post-7494","post","type-post","status-publish","format-standard","has-post-thumbnail","hentry","category-newsroom","tag-spotlight","tag-world-economic-forum"],"acf":{"featured_post":false},"_links":{"self":[{"href":"https:\/\/incit.org\/vi\/wp-json\/wp\/v2\/posts\/7494","targetHints":{"allow":["GET"]}}],"collection":[{"href":"https:\/\/incit.org\/vi\/wp-json\/wp\/v2\/posts"}],"about":[{"href":"https:\/\/incit.org\/vi\/wp-json\/wp\/v2\/types\/post"}],"author":[{"embeddable":true,"href":"https:\/\/incit.org\/vi\/wp-json\/wp\/v2\/users\/3"}],"replies":[{"embeddable":true,"href":"https:\/\/incit.org\/vi\/wp-json\/wp\/v2\/comments?post=7494"}],"version-history":[{"count":2,"href":"https:\/\/incit.org\/vi\/wp-json\/wp\/v2\/posts\/7494\/revisions"}],"predecessor-version":[{"id":35515,"href":"https:\/\/incit.org\/vi\/wp-json\/wp\/v2\/posts\/7494\/revisions\/35515"}],"wp:featuredmedia":[{"embeddable":true,"href":"https:\/\/incit.org\/vi\/wp-json\/wp\/v2\/media\/7495"}],"wp:attachment":[{"href":"https:\/\/incit.org\/vi\/wp-json\/wp\/v2\/media?parent=7494"}],"wp:term":[{"taxonomy":"category","embeddable":true,"href":"https:\/\/incit.org\/vi\/wp-json\/wp\/v2\/categories?post=7494"},{"taxonomy":"post_tag","embeddable":true,"href":"https:\/\/incit.org\/vi\/wp-json\/wp\/v2\/tags?post=7494"}],"curies":[{"name":"wp","href":"https:\/\/api.w.org\/{rel}","templated":true}]}}